{"id":5118,"date":"2024-11-20T19:47:32","date_gmt":"2024-11-20T19:47:32","guid":{"rendered":"https:\/\/batlle.es\/?p=5118"},"modified":"2024-11-20T19:54:31","modified_gmt":"2024-11-20T19:54:31","slug":"diseno-grafico-orgullosos-miembros-colegiados","status":"publish","type":"post","link":"https:\/\/batlle.es\/ca\/diseno-grafico-orgullosos-miembros-colegiados\/","title":{"rendered":"Orgullosos membres Col\u00b7legiats"},"content":{"rendered":"<h2>Disseny gr\u00e0fic<\/h2>\n<p>Com a membres orgullosos del Col\u00b7legi Oficial de Disseny Gr\u00e0fic de Catalunya (col\u00b7legiat n\u00fam. 193), ens comprometem amb les bones pr\u00e0ctiques a la nostra professi\u00f3, el disseny gr\u00e0fic. El Col\u00b7legi impulsa el desenvolupament professional dels dissenyadors, beneficiant els nostres clients i usuaris.<\/p>\n<p style=\"font-weight: 400;\">Treballar amb un dissenyador col\u00b7legiat \u00e9s sin\u00f2nim de professionalitat i confian\u00e7a, assegurant als usuaris un suport professional en qualsevol situaci\u00f3 o conflicte que sorgeixi en la prestaci\u00f3 de serveis, com ara packaging, imatge corporativa o el disseny editorial, entre d&#039;altres. A m\u00e9s, el Col\u00b7legi recolza la nostra activitat amb una p\u00f2lissa de responsabilitat civil que cobreix fins a 250.000\u20ac.<\/p>\n<p>M\u00e9s informaci\u00f3 a la <a href=\"https:\/\/www.dissenygrafic.org\/ca\/\" target=\"_blank\" rel=\"noopener\">web del Col\u00b7legi<\/a><\/p>\n<p style=\"font-weight: 400;\">Disseny responsable i segur per a tothom!<\/p>\n<p style=\"font-weight: 400;\">","protected":false},"excerpt":{"rendered":"<p>Dise\u00f1o gr\u00e1fico Como miembros orgullosos del Col\u00b7legi Oficial de Disseny Gr\u00e0fic de Catalunya (colegiado n\u00ba 193), nos comprometemos con las buenas pr\u00e1cticas en nuestra profesi\u00f3n, el dise\u00f1o gr\u00e1fico. El Colegio impulsa el desarrollo profesional de los dise\u00f1adores, beneficiando a nuestros clientes y usuarios. Trabajar con un dise\u00f1ador colegiado es sin\u00f3nimo de profesionalidad y confianza, asegurando [&hellip;]<\/p>\n","protected":false},"author":1,"featured_media":5119,"comment_status":"closed","ping_status":"closed","sticky":false,"template":"","format":"standard","meta":{"footnotes":""},"categories":[1],"tags":[],"tipo-trabajo":[],"class_list":["post-5118","post","type-post","status-publish","format-standard","has-post-thumbnail","hentry","category-uncategorized"],"_links":{"self":[{"href":"https:\/\/batlle.es\/ca\/wp-json\/wp\/v2\/posts\/5118","targetHints":{"allow":["GET"]}}],"collection":[{"href":"https:\/\/batlle.es\/ca\/wp-json\/wp\/v2\/posts"}],"about":[{"href":"https:\/\/batlle.es\/ca\/wp-json\/wp\/v2\/types\/post"}],"author":[{"embeddable":true,"href":"https:\/\/batlle.es\/ca\/wp-json\/wp\/v2\/users\/1"}],"replies":[{"embeddable":true,"href":"https:\/\/batlle.es\/ca\/wp-json\/wp\/v2\/comments?post=5118"}],"version-history":[{"count":3,"href":"https:\/\/batlle.es\/ca\/wp-json\/wp\/v2\/posts\/5118\/revisions"}],"predecessor-version":[{"id":5122,"href":"https:\/\/batlle.es\/ca\/wp-json\/wp\/v2\/posts\/5118\/revisions\/5122"}],"wp:featuredmedia":[{"embeddable":true,"href":"https:\/\/batlle.es\/ca\/wp-json\/wp\/v2\/media\/5119"}],"wp:attachment":[{"href":"https:\/\/batlle.es\/ca\/wp-json\/wp\/v2\/media?parent=5118"}],"wp:term":[{"taxonomy":"category","embeddable":true,"href":"https:\/\/batlle.es\/ca\/wp-json\/wp\/v2\/categories?post=5118"},{"taxonomy":"post_tag","embeddable":true,"href":"https:\/\/batlle.es\/ca\/wp-json\/wp\/v2\/tags?post=5118"},{"taxonomy":"tipo-trabajo","embeddable":true,"href":"https:\/\/batlle.es\/ca\/wp-json\/wp\/v2\/tipo-trabajo?post=5118"}],"curies":[{"name":"wp","href":"https:\/\/api.w.org\/{rel}","templated":true}]}}