{"id":5046,"date":"2024-11-15T12:45:41","date_gmt":"2024-11-15T12:45:41","guid":{"rendered":"https:\/\/batlle.es\/?p=5046"},"modified":"2024-11-15T13:18:35","modified_gmt":"2024-11-15T13:18:35","slug":"comunicacion-visual-caso-sorsa-strapping-solutions","status":"publish","type":"post","link":"https:\/\/batlle.es\/ca\/comunicacion-visual-caso-sorsa-strapping-solutions\/","title":{"rendered":"El poder d&#039;un estand ben executat a fires internacionals: Cas SORSA Strapping Solutions a EuroBLECH"},"content":{"rendered":"<p>La comunicaci\u00f3 visual en el context d&#039;una fira professional com <a href=\"https:\/\/www.euroblech.com\/#\/\" target=\"_blank\" rel=\"noopener\">EuroBLECH<\/a> a Hannover (Alemanya), resulta fonamental per transmetre el missatge d&#039;una marca de manera efectiva a trav\u00e9s del seu estand, cosa que no \u00e9s nom\u00e9s una oportunitat, sin\u00f3 una responsabilitat clau. La capacitat de captar l&#039;atenci\u00f3 i connectar amb el p\u00fablic objectiu de cada detall de <a href=\"https:\/\/batlle.es\/ca\/#design\" target=\"_blank\" rel=\"noopener\">disseny<\/a>, estructura i contingut visual.<\/p>\n<p>A Batlle, treballem en estreta col\u00b7laboraci\u00f3 amb Sorsa per assegurar que la seva pres\u00e8ncia a aquesta fira reflect\u00eds de manera precisa els seus valors i innovacions. Per aix\u00f2, el control exhaustiu de cada etapa del projecte va ser fonamental, especialment la revisi\u00f3 de les arts finals abans del seu enviament a producci\u00f3 al pa\u00eds de destinaci\u00f3. Aquesta mesura garanteix que tot estigui llest i optimitzat, minimitzant possibles contratemps d&#039;instal\u00b7laci\u00f3 que poden comprometre el resultat final a l&#039;esdeveniment. La professionalitat i la previsi\u00f3 s\u00f3n essencials en aquest tipus de feines per aconseguir un impacte memorable.<\/p>","protected":false},"excerpt":{"rendered":"<p>La comunicaci\u00f3n visual en el contexto de una feria profesional como EuroBLECH en Hannover (Alemania), resulta fundamental para transmitir el mensaje de una marca de manera efectiva a trav\u00e9s de su estand,lo que no es solo una oportunidad, sino una responsabilidad clave. La capacidad de captar la atenci\u00f3n y conectar con el p\u00fablico objetivo depende [&hellip;]<\/p>\n","protected":false},"author":1,"featured_media":5047,"comment_status":"closed","ping_status":"closed","sticky":false,"template":"","format":"standard","meta":{"footnotes":""},"categories":[1],"tags":[],"tipo-trabajo":[],"class_list":["post-5046","post","type-post","status-publish","format-standard","has-post-thumbnail","hentry","category-uncategorized"],"_links":{"self":[{"href":"https:\/\/batlle.es\/ca\/wp-json\/wp\/v2\/posts\/5046","targetHints":{"allow":["GET"]}}],"collection":[{"href":"https:\/\/batlle.es\/ca\/wp-json\/wp\/v2\/posts"}],"about":[{"href":"https:\/\/batlle.es\/ca\/wp-json\/wp\/v2\/types\/post"}],"author":[{"embeddable":true,"href":"https:\/\/batlle.es\/ca\/wp-json\/wp\/v2\/users\/1"}],"replies":[{"embeddable":true,"href":"https:\/\/batlle.es\/ca\/wp-json\/wp\/v2\/comments?post=5046"}],"version-history":[{"count":0,"href":"https:\/\/batlle.es\/ca\/wp-json\/wp\/v2\/posts\/5046\/revisions"}],"wp:featuredmedia":[{"embeddable":true,"href":"https:\/\/batlle.es\/ca\/wp-json\/wp\/v2\/media\/5047"}],"wp:attachment":[{"href":"https:\/\/batlle.es\/ca\/wp-json\/wp\/v2\/media?parent=5046"}],"wp:term":[{"taxonomy":"category","embeddable":true,"href":"https:\/\/batlle.es\/ca\/wp-json\/wp\/v2\/categories?post=5046"},{"taxonomy":"post_tag","embeddable":true,"href":"https:\/\/batlle.es\/ca\/wp-json\/wp\/v2\/tags?post=5046"},{"taxonomy":"tipo-trabajo","embeddable":true,"href":"https:\/\/batlle.es\/ca\/wp-json\/wp\/v2\/tipo-trabajo?post=5046"}],"curies":[{"name":"wp","href":"https:\/\/api.w.org\/{rel}","templated":true}]}}